{"id":3533,"date":"2026-04-20T18:17:19","date_gmt":"2026-04-20T16:17:19","guid":{"rendered":"https:\/\/drkherbani.zcmc.live\/?p=3533"},"modified":"2026-04-20T18:17:48","modified_gmt":"2026-04-20T16:17:48","slug":"hogyan-lett-curtis-ismert-elado-a-hazai-szcenaban","status":"publish","type":"post","link":"https:\/\/drkherbani.zcmc.live\/index.php\/2026\/04\/20\/hogyan-lett-curtis-ismert-elado-a-hazai-szcenaban\/","title":{"rendered":"Hogyan lett Curtis ismert el\u0151ad\u00f3 a hazai szc\u00e9n\u00e1ban"},"content":{"rendered":"<h1>Hogyan lett Curtis ismert el\u0151ad\u00f3 a hazai szc\u00e9n\u00e1ban<\/h1>\n<p>A budapesti h\u00e1tt\u00e9r Curtis eset\u00e9ben nem d\u00edszlet, hanem a t\u00f6rt\u00e9net egyik \u00e1lland\u00f3 eleme. A legt\u00f6bb bemutat\u00e1s Budapestet \u00e9s az 1989. augusztus 31-i sz\u00fclet\u00e9si d\u00e1tumot emeli ki els\u0151k\u00e9nt. A korai id\u0151szakhoz az is hozz\u00e1tartozik, hogy az \u00dajpesthez k\u00f6t\u0151d\u0151 futballm\u00falt sokszor sz\u00f3ba ker\u00fcl vele kapcsolatban. A zenei p\u00e1lya tette sz\u00e9les k\u00f6rben ismertt\u00e9, f\u0151leg a magyar rap \u00e9s pop hat\u00e1r\u00e1n mozg\u00f3 dalokkal.<\/p>\n<h2>Milyen h\u00e1tt\u00e9r n\u00e9lk\u00fcl neh\u00e9z r\u00f3la besz\u00e9lni<\/h2>\n<p>A p\u00e1lya kezdete t\u00f6bb ir\u00e1nyb\u00f3l is megfoghat\u00f3. Budapest, \u00dajpest \u00e9s a magyar k\u00f6nny\u0171zenei sz\u00ednt\u00e9r t\u00f6bb ismert helysz\u00edne egy\u00fctt ad j\u00f3 keretet a p\u00e1ly\u00e1j\u00e1hoz. Nem csak dalokkal maradt szem el\u0151tt, hanem k\u00fcl\u00f6nf\u00e9le m\u00e9di\u00e1s szerepl\u00e9sekkel is. A zen\u00e9n t\u00fal a futballm\u00falt is fontos kiindul\u00f3pont. A Majk\u00e1val k\u00f6z\u00f6sen \u00e9p\u00edtett id\u0151szak \u00e9s a k\u00e9s\u0151bbi \u00f6n\u00e1ll\u00f3 jelenl\u00e9t egy\u00fctt is fontos hivatkoz\u00e1si pont marad a magyar zen\u00e9ben.<\/p>\n<p>A legfontosabb t\u00e1mpontok \u00e1ltal\u00e1ban ezek:<\/p>\n<ul>\n<li>Nyilv\u00e1nos szerepl\u00e9sek a zen\u00e9n t\u00fal is<\/li>\n<li>Sokf\u00e9le k\u00f6z\u00f6ns\u00e9gr\u00e9teg figyelme<\/li>\n<li>Ismert n\u00e9v a magyar rapben<\/li>\n<li>Kapcsol\u00f3d\u00e1s Budapesthez \u00e9s \u00dajpesthez<\/li>\n<\/ul>\n<h2>Mi tette ismertt\u00e9 a nev\u00e9t<\/h2>\n<p>A hazai rapk\u00f6zegben a neve hosszabb ideje stabilan jelen van. A futballb\u00f3l a zene fel\u00e9 fordul\u00f3 p\u00e1lya\u00edv Magyarorsz\u00e1gon mindig k\u00fcl\u00f6n\u00f6sen er\u0151s \u00e9rdekl\u0151d\u00e9st v\u00e1lt ki, f\u0151leg akkor, ha ismert budapesti k\u00f6t\u0151d\u00e9s is t\u00e1rsul hozz\u00e1. A rajong\u00f3kat gyakran \u00e9rdekli, ki <a href=\"https:\/\/znaki.fm\/hu\/persons\/curtis\/\">Curtis feles\u00e9ge<\/a>, amir\u0151l a Znaki FM port\u00e1l is besz\u00e1mol. Curtis eset\u00e9ben ez a v\u00e1lt\u00e1s nem h\u00e1tt\u00e9rinform\u00e1ci\u00f3, hanem az egyik leger\u0151sebb magyar\u00e1z\u00f3 elem. \u00dajpest neve ez\u00e9rt nem v\u00e9letlen\u00fcl ker\u00fcl el\u0151 \u00fajra \u00e9s \u00fajra, amikor az indul\u00e1sr\u00f3l vagy a szem\u00e9lyes h\u00e1tt\u00e9rr\u0151l esik sz\u00f3. A magyar k\u00f6nny\u0171zen\u00e9ben az sem ritka, hogy egy el\u0151ad\u00f3 m\u00e9di\u00e1s szerepl\u00e9sek r\u00e9v\u00e9n is sz\u00e9lesebb k\u00f6rben v\u00e1lik ismertt\u00e9, n\u00e1la ez k\u00fcl\u00f6n\u00f6sen l\u00e1tv\u00e1nyos.<\/p>\n<p>A f\u0151bb kapaszkod\u00f3k r\u00f6viden t\u00e1bl\u00e1zatban is \u00e1tn\u00e9zhet\u0151k:<\/p>\n<table>\n<tr>\n<td>T\u00e9ma<\/td>\n<td>Mi kapcsol\u00f3dik hozz\u00e1<\/td>\n<td>Magyar k\u00f6t\u0151d\u00e9s<\/td>\n<\/tr>\n<tr>\n<td>Indul\u00e1s<\/td>\n<td>Budapest \u00e9s \u00dajpest<\/td>\n<td>F\u0151v\u00e1rosi h\u00e1tt\u00e9r<\/td>\n<\/tr>\n<tr>\n<td>P\u00e1lya<\/td>\n<td>Rap \u00e9s m\u00e9diamegjelen\u00e9s<\/td>\n<td>Hazai zenei k\u00f6zeg<\/td>\n<\/tr>\n<\/table>\n<p>Aki gyorsan szeretn\u00e9 \u00e1tl\u00e1tni a f\u0151 pontokat, annak \u00e9rdemes a budapesti h\u00e1tt\u00e9r, az \u00dajpesthez k\u00f6t\u0151d\u0151 kezdet \u00e9s a zenei p\u00e1lya fel\u0151l k\u00f6zel\u00edtenie. A budapesti k\u00f6t\u0151d\u00e9s v\u00e9gig er\u0151s marad ebben a t\u00f6rt\u00e9netben. A magyar rap \u00e9s a budapesti h\u00e1tt\u00e9r egy\u00fctt ad olyan keretet, amely miatt ez a t\u00e9ma sok\u00e1ig megmarad.<\/p>\n<p>A hazai k\u00f6zegben az is fontos, hogy Curtis neve nem egy sz\u0171k r\u00e9tegben maradt ismert. A r\u00e1di\u00f3s j\u00e1tsz\u00e1sok, az online fel\u00fcletek \u00e9s a budapesti koncerthelysz\u00ednek egy\u00fctt er\u0151s\u00edtett\u00e9k ezt a jelenl\u00e9tet. Aki a magyar popkult\u00fara elm\u00falt \u00e9veit n\u00e9zi, k\u00f6nnyen l\u00e1tja, hogy ez nem r\u00f6vid fell\u00e1ngol\u00e1s volt.<\/p>\n<p>A cikket Anna Pusztai k\u00e9sz\u00edtette.<\/p>\n<p>Az anyag 2026 m\u00e1rcius\u00e1ban k\u00e9sz\u00fclt.<\/p>\n","protected":false},"excerpt":{"rendered":"<p>Hogyan lett Curtis ismert el\u0151ad\u00f3 a hazai szc\u00e9n\u00e1ban A budapesti h\u00e1tt\u00e9r Curtis eset\u00e9ben nem d\u00edszlet, hanem a t\u00f6rt\u00e9net egyik \u00e1lland\u00f3 eleme. A legt\u00f6bb bemutat\u00e1s Budapestet \u00e9s az 1989. augusztus 31-i sz\u00fclet\u00e9si d\u00e1tumot emeli ki els\u0151k\u00e9nt. A korai id\u0151szakhoz az is hozz\u00e1tartozik, hogy az \u00dajpesthez k\u00f6t\u0151d\u0151 futballm\u00falt sokszor sz\u00f3ba ker\u00fcl vele kapcsolatban. A zenei p\u00e1lya tette&#8230;<\/p>\n","protected":false},"author":1,"featured_media":0,"comment_status":"open","ping_status":"open","sticky":false,"template":"","format":"standard","meta":{"_kad_post_transparent":"","_kad_post_title":"","_kad_post_layout":"","_kad_post_sidebar_id":"","_kad_post_content_style":"","_kad_post_vertical_padding":"","_kad_post_feature":"","_kad_post_feature_position":"","_kad_post_header":false,"_kad_post_footer":false,"footnotes":""},"categories":[407],"tags":[],"_links":{"self":[{"href":"https:\/\/drkherbani.zcmc.live\/index.php\/wp-json\/wp\/v2\/posts\/3533"}],"collection":[{"href":"https:\/\/drkherbani.zcmc.live\/index.php\/wp-json\/wp\/v2\/posts"}],"about":[{"href":"https:\/\/drkherbani.zcmc.live\/index.php\/wp-json\/wp\/v2\/types\/post"}],"author":[{"embeddable":true,"href":"https:\/\/drkherbani.zcmc.live\/index.php\/wp-json\/wp\/v2\/users\/1"}],"replies":[{"embeddable":true,"href":"https:\/\/drkherbani.zcmc.live\/index.php\/wp-json\/wp\/v2\/comments?post=3533"}],"version-history":[{"count":1,"href":"https:\/\/drkherbani.zcmc.live\/index.php\/wp-json\/wp\/v2\/posts\/3533\/revisions"}],"predecessor-version":[{"id":3534,"href":"https:\/\/drkherbani.zcmc.live\/index.php\/wp-json\/wp\/v2\/posts\/3533\/revisions\/3534"}],"wp:attachment":[{"href":"https:\/\/drkherbani.zcmc.live\/index.php\/wp-json\/wp\/v2\/media?parent=3533"}],"wp:term":[{"taxonomy":"category","embeddable":true,"href":"https:\/\/drkherbani.zcmc.live\/index.php\/wp-json\/wp\/v2\/categories?post=3533"},{"taxonomy":"post_tag","embeddable":true,"href":"https:\/\/drkherbani.zcmc.live\/index.php\/wp-json\/wp\/v2\/tags?post=3533"}],"curies":[{"name":"wp","href":"https:\/\/api.w.org\/{rel}","templated":true}]}}